{"id":18179,"date":"2026-07-16T10:31:50","date_gmt":"2026-07-16T13:31:50","guid":{"rendered":"https:\/\/www.wgbengenharia.com\/arquiteto-mallet\/"},"modified":"2026-07-16T10:31:50","modified_gmt":"2026-07-16T13:31:50","slug":"arquiteto-mallet","status":"publish","type":"post","link":"https:\/\/www.wgbengenharia.com\/en\/arquiteto-mallet\/","title":{"rendered":"Architect in Mallet: High-End Commercial Facades"},"content":{"rendered":"<h2>Strategic commercial architecture in Mallet<\/h2>\n<p>Are you looking to increase the value of your commercial property? <strong>Hire an architect in Mallet \u2013 PR<\/strong> It&#039;s the first step to ensuring success. Therefore, your facade design should attract customers at first glance. Furthermore, a modern facade communicates professionalism and solidity. That&#039;s why WGB Arquitetura e Engenharia focuses on transforming commercial spaces into architectural landmarks.<\/p>\n<h2>The impact of facades on avenues<\/h2>\n<p>Main avenues require designs with high visual impact. Therefore, we used elements such as glass, ACM (aluminum composite material), and scenic lighting. For example, near the area of... <strong>Saint Peter&#039;s Parish Church<\/strong>, A well-executed project changes the entire perception of the neighborhood. However, aesthetics cannot ignore functionality. With the goal of optimizing space, we integrated the interior layout with the exterior facade. In this way, we created a fluid experience for the end consumer.<\/p>\n<h2>Safety and technical standards<\/h2>\n<p>Every facade project needs to follow strict guidelines. Consequently, we carefully observe the... <strong>NBR 9050<\/strong> To ensure accessibility in all projects. Furthermore, compliance with municipal regulations avoids fines and construction delays. Therefore, our technical team is proficient in the local Building Code to expedite the licensing process. In this way, you invest with complete confidence.<\/p>\n<h2>Property appreciation with WGB<\/h2>\n<p>Modern architecture increases the market value of any building. Moreover, facades designed by specialists have greater durability and lower maintenance costs. For example, the correct choice of materials prevents premature wear and tear caused by the region&#039;s climate. Furthermore, a well-planned project saves resources during execution. Therefore, planning is the foundation of a profitable business. In short, we deliver solutions that balance innovation and financial viability.<\/p>\n<h2>Transform your business in the region.<\/h2>\n<p>Maximize your investment with those who understand the Paran\u00e1 market. WGB Arquitetura e Engenharia has the necessary expertise to elevate your investment. <a href=\"https:\/\/www.wgbengenharia.com\/en\/arquitetura-na-wgb\/\">Mallet setting<\/a> with high-standard designs and impeccable execution.<\/p>","protected":false},"excerpt":{"rendered":"<p>Arquitetura comercial estrat\u00e9gica em Mallet Voc\u00ea busca valorizar seu im\u00f3vel comercial? Contratar um arquiteto em Mallet &#8211; PR \u00e9 o primeiro passo para garantir sucesso. Portanto, o design da sua fachada deve atrair clientes logo no primeiro olhar. Al\u00e9m disso, uma fachada moderna comunica profissionalismo e solidez. Por isso, a WGB Arquitetura e Engenharia foca em transformar pontos comerciais em refer\u00eancias arquitet\u00f4nicas. O impacto das fachadas nas avenidas As avenidas principais exigem projetos com alto impacto visual. Dessa forma, utilizamos elementos como vidro, ACM e ilumina\u00e7\u00e3o c\u00eanica. Por exemplo, perto da regi\u00e3o da Igreja Matriz de S\u00e3o Pedro, um projeto bem executado altera toda a percep\u00e7\u00e3o do bairro. No entanto, a est\u00e9tica n\u00e3o pode ignorar a funcionalidade. Com o objetivo de otimizar o espa\u00e7o, integramos o layout interno com a fachada externa. Assim, criamos uma experi\u00eancia fluida para o seu consumidor final. Seguran\u00e7a e normas t\u00e9cnicas Todo projeto de fachada precisa seguir diretrizes rigorosas. Consequentemente, observamos atentamente a NBR 9050 para garantir a acessibilidade em todos os projetos. Al\u00e9m disso, o cumprimento das normas municipais evita multas e atrasos na obra. Portanto, nossa equipe t\u00e9cnica domina o C\u00f3digo de Obras local para agilizar o licenciamento. Dessa maneira, voc\u00ea investe com seguran\u00e7a total. Valoriza\u00e7\u00e3o do patrim\u00f4nio com a WGB A arquitetura moderna eleva o valor de mercado de qualquer edifica\u00e7\u00e3o. Ali\u00e1s, fachadas projetadas por especialistas possuem maior durabilidade e menor custo de manuten\u00e7\u00e3o. Por exemplo, a escolha correta de materiais evita desgastes prematuros causados pelo clima da regi\u00e3o. Al\u00e9m disso, um projeto bem planejado economiza recursos durante a execu\u00e7\u00e3o. Portanto, o planejamento \u00e9 a base de um neg\u00f3cio lucrativo. Em suma, entregamos solu\u00e7\u00f5es que equilibram inova\u00e7\u00e3o e viabilidade financeira. Transforme seu neg\u00f3cio na regi\u00e3o Potencialize o seu investimento com quem entende do mercado paranaense. A WGB Arquitetura e Engenharia possui a expertise necess\u00e1ria para elevar o cen\u00e1rio de Mallet com projetos de alto padr\u00e3o e execu\u00e7\u00e3o impec\u00e1vel.<\/p>","protected":false},"author":3,"featured_media":18178,"comment_status":"open","ping_status":"open","sticky":false,"template":"","format":"standard","meta":{"_acf_changed":false,"_monsterinsights_skip_tracking":false,"_wgb_auto_generated":"","_wgb_pair_post_id":0,"footnotes":""},"categories":[1],"tags":[],"class_list":["post-18179","post","type-post","status-publish","format-standard","has-post-thumbnail","hentry","category-sem-categoria"],"acf":[],"yoast_head":"<!-- This site is optimized with the Yoast SEO plugin v27.2 - https:\/\/yoast.com\/product\/yoast-seo-wordpress\/ -->\n<title>Arquiteto em Mallet: Fachadas Comerciais de Alto Padr\u00e3o<\/title>\n<meta name=\"description\" content=\"Procurando arquiteto em Mallet - PR? A WGB Arquitetura e Engenharia projeta fachadas comerciais modernas que valorizam o seu neg\u00f3cio na regi\u00e3o.\" \/>\n<meta name=\"robots\" content=\"index, follow, max-snippet:-1, max-image-preview:large, max-video-preview:-1\" \/>\n<link rel=\"canonical\" href=\"https:\/\/www.wgbengenharia.com\/en\/arquiteto-mallet\/\" \/>\n<meta property=\"og:locale\" content=\"en_US\" \/>\n<meta property=\"og:type\" content=\"article\" \/>\n<meta property=\"og:title\" content=\"Arquiteto em Mallet: Fachadas Comerciais de Alto Padr\u00e3o\" \/>\n<meta property=\"og:description\" content=\"Procurando arquiteto em Mallet - PR? A WGB Arquitetura e Engenharia projeta fachadas comerciais modernas que valorizam o seu neg\u00f3cio na regi\u00e3o.\" \/>\n<meta property=\"og:url\" content=\"https:\/\/www.wgbengenharia.com\/en\/arquiteto-mallet\/\" \/>\n<meta property=\"og:site_name\" content=\"WGB | Arquitetura e Engenharia em Pi\u00e7arras\" \/>\n<meta property=\"article:publisher\" content=\"https:\/\/www.facebook.com\/wgbengenhariadeempreendimentos?locale=pt_BR\" \/>\n<meta property=\"article:published_time\" content=\"2026-07-16T13:31:50+00:00\" \/>\n<meta property=\"og:image\" content=\"https:\/\/www.wgbengenharia.com\/wp-content\/uploads\/2026\/07\/professional-architectural-photography-of-a-modern-commercial-facade-in-a-prime-urban-location-with.jpeg\" \/>\n\t<meta property=\"og:image:width\" content=\"512\" \/>\n\t<meta property=\"og:image:height\" content=\"512\" \/>\n\t<meta property=\"og:image:type\" content=\"image\/jpeg\" \/>\n<meta name=\"author\" content=\"WGB Engenharia\" \/>\n<meta name=\"twitter:card\" content=\"summary_large_image\" \/>\n<meta name=\"twitter:label1\" content=\"Written by\" \/>\n\t<meta name=\"twitter:data1\" content=\"WGB Engenharia\" \/>\n\t<meta name=\"twitter:label2\" content=\"Est. reading time\" \/>\n\t<meta name=\"twitter:data2\" content=\"2 minutes\" \/>\n<script type=\"application\/ld+json\" class=\"yoast-schema-graph\">{\"@context\":\"https:\/\/schema.org\",\"@graph\":[{\"@type\":\"Article\",\"@id\":\"https:\/\/www.wgbengenharia.com\/arquiteto-mallet\/#article\",\"isPartOf\":{\"@id\":\"https:\/\/www.wgbengenharia.com\/arquiteto-mallet\/\"},\"author\":{\"name\":\"WGB Engenharia\",\"@id\":\"https:\/\/www.wgbengenharia.com\/#\/schema\/person\/4450c905cbe5109d68c6b7af85a86f8b\"},\"headline\":\"Arquiteto em Mallet: Fachadas Comerciais de Alto Padr\u00e3o\",\"datePublished\":\"2026-07-16T13:31:50+00:00\",\"mainEntityOfPage\":{\"@id\":\"https:\/\/www.wgbengenharia.com\/arquiteto-mallet\/\"},\"wordCount\":360,\"commentCount\":0,\"publisher\":{\"@id\":\"https:\/\/www.wgbengenharia.com\/#organization\"},\"image\":{\"@id\":\"https:\/\/www.wgbengenharia.com\/arquiteto-mallet\/#primaryimage\"},\"thumbnailUrl\":\"https:\/\/www.wgbengenharia.com\/wp-content\/uploads\/2026\/07\/professional-architectural-photography-of-a-modern-commercial-facade-in-a-prime-urban-location-with.jpeg\",\"articleSection\":[\"Sem categoria\"],\"inLanguage\":\"en-US\",\"potentialAction\":[{\"@type\":\"CommentAction\",\"name\":\"Comment\",\"target\":[\"https:\/\/www.wgbengenharia.com\/arquiteto-mallet\/#respond\"]}]},{\"@type\":\"WebPage\",\"@id\":\"https:\/\/www.wgbengenharia.com\/arquiteto-mallet\/\",\"url\":\"https:\/\/www.wgbengenharia.com\/arquiteto-mallet\/\",\"name\":\"Arquiteto em Mallet: Fachadas Comerciais de Alto Padr\u00e3o\",\"isPartOf\":{\"@id\":\"https:\/\/www.wgbengenharia.com\/#website\"},\"primaryImageOfPage\":{\"@id\":\"https:\/\/www.wgbengenharia.com\/arquiteto-mallet\/#primaryimage\"},\"image\":{\"@id\":\"https:\/\/www.wgbengenharia.com\/arquiteto-mallet\/#primaryimage\"},\"thumbnailUrl\":\"https:\/\/www.wgbengenharia.com\/wp-content\/uploads\/2026\/07\/professional-architectural-photography-of-a-modern-commercial-facade-in-a-prime-urban-location-with.jpeg\",\"datePublished\":\"2026-07-16T13:31:50+00:00\",\"description\":\"Procurando arquiteto em Mallet - PR? A WGB Arquitetura e Engenharia projeta fachadas comerciais modernas que valorizam o seu neg\u00f3cio na regi\u00e3o.\",\"breadcrumb\":{\"@id\":\"https:\/\/www.wgbengenharia.com\/arquiteto-mallet\/#breadcrumb\"},\"inLanguage\":\"en-US\",\"potentialAction\":[{\"@type\":\"ReadAction\",\"target\":[\"https:\/\/www.wgbengenharia.com\/arquiteto-mallet\/\"]}]},{\"@type\":\"ImageObject\",\"inLanguage\":\"en-US\",\"@id\":\"https:\/\/www.wgbengenharia.com\/arquiteto-mallet\/#primaryimage\",\"url\":\"https:\/\/www.wgbengenharia.com\/wp-content\/uploads\/2026\/07\/professional-architectural-photography-of-a-modern-commercial-facade-in-a-prime-urban-location-with.jpeg\",\"contentUrl\":\"https:\/\/www.wgbengenharia.com\/wp-content\/uploads\/2026\/07\/professional-architectural-photography-of-a-modern-commercial-facade-in-a-prime-urban-location-with.jpeg\",\"width\":512,\"height\":512,\"caption\":\"{\\\"prompt\\\":\\\"professional architectural photography of a modern commercial facade in a prime urban location with glass panels and led lighting sophisticated design high-end finishing materials sharp focus cinematic lighting photorealistic render\\\",\\\"originalPrompt\\\":\\\"professional architectural photography of a modern commercial facade in a prime urban location with glass panels and led lighting sophisticated design high-end finishing materials sharp focus cinematic lighting photorealistic render\\\",\\\"width\\\":512,\\\"height\\\":512,\\\"seed\\\":42,\\\"model\\\":\\\"flux\\\",\\\"safe\\\":false,\\\"quality\\\":\\\"medium\\\",\\\"image\\\":[],\\\"transparent\\\":false,\\\"reasoning\\\":\\\"balanced\\\",\\\"audio\\\":true,\\\"dimensionsExplicit\\\":true,\\\"isMature\\\":false,\\\"isChild\\\":false,\\\"trackingData\\\":{\\\"actualModel\\\":\\\"flux\\\",\\\"usage\\\":{\\\"completionImageTokens\\\":1,\\\"totalTokenCount\\\":1}}}\"},{\"@type\":\"BreadcrumbList\",\"@id\":\"https:\/\/www.wgbengenharia.com\/arquiteto-mallet\/#breadcrumb\",\"itemListElement\":[{\"@type\":\"ListItem\",\"position\":1,\"name\":\"In\u00edcio\",\"item\":\"https:\/\/www.wgbengenharia.com\/\"},{\"@type\":\"ListItem\",\"position\":2,\"name\":\"Arquiteto em Mallet: Fachadas Comerciais de Alto Padr\u00e3o\"}]},{\"@type\":\"WebSite\",\"@id\":\"https:\/\/www.wgbengenharia.com\/#website\",\"url\":\"https:\/\/www.wgbengenharia.com\/\",\"name\":\"WGB Arquitetura e Engenharia\",\"description\":\"WGB | Arquitetura e Engenharia em Pi\u00e7arras\",\"publisher\":{\"@id\":\"https:\/\/www.wgbengenharia.com\/#organization\"},\"potentialAction\":[{\"@type\":\"SearchAction\",\"target\":{\"@type\":\"EntryPoint\",\"urlTemplate\":\"https:\/\/www.wgbengenharia.com\/?s={search_term_string}\"},\"query-input\":{\"@type\":\"PropertyValueSpecification\",\"valueRequired\":true,\"valueName\":\"search_term_string\"}}],\"inLanguage\":\"en-US\"},{\"@type\":\"Person\",\"@id\":\"https:\/\/www.wgbengenharia.com\/#\/schema\/person\/4450c905cbe5109d68c6b7af85a86f8b\",\"name\":\"WGB Engenharia\",\"image\":{\"@type\":\"ImageObject\",\"inLanguage\":\"en-US\",\"@id\":\"https:\/\/secure.gravatar.com\/avatar\/76e9e27773adbe41c936fba046b3749734c09772567a94ba26d2bbcb97814542?s=96&d=mm&r=g\",\"url\":\"https:\/\/secure.gravatar.com\/avatar\/76e9e27773adbe41c936fba046b3749734c09772567a94ba26d2bbcb97814542?s=96&d=mm&r=g\",\"contentUrl\":\"https:\/\/secure.gravatar.com\/avatar\/76e9e27773adbe41c936fba046b3749734c09772567a94ba26d2bbcb97814542?s=96&d=mm&r=g\",\"caption\":\"WGB Engenharia\"}}]}<\/script>\n<!-- \/ Yoast SEO plugin. -->","yoast_head_json":{"title":"Architect in Mallet: High-End Commercial Facades","description":"Procurando arquiteto em Mallet - PR? A WGB Arquitetura e Engenharia projeta fachadas comerciais modernas que valorizam o seu neg\u00f3cio na regi\u00e3o.","robots":{"index":"index","follow":"follow","max-snippet":"max-snippet:-1","max-image-preview":"max-image-preview:large","max-video-preview":"max-video-preview:-1"},"canonical":"https:\/\/www.wgbengenharia.com\/en\/arquiteto-mallet\/","og_locale":"en_US","og_type":"article","og_title":"Arquiteto em Mallet: Fachadas Comerciais de Alto Padr\u00e3o","og_description":"Procurando arquiteto em Mallet - PR? A WGB Arquitetura e Engenharia projeta fachadas comerciais modernas que valorizam o seu neg\u00f3cio na regi\u00e3o.","og_url":"https:\/\/www.wgbengenharia.com\/en\/arquiteto-mallet\/","og_site_name":"WGB | Arquitetura e Engenharia em Pi\u00e7arras","article_publisher":"https:\/\/www.facebook.com\/wgbengenhariadeempreendimentos?locale=pt_BR","article_published_time":"2026-07-16T13:31:50+00:00","og_image":[{"width":512,"height":512,"url":"https:\/\/www.wgbengenharia.com\/wp-content\/uploads\/2026\/07\/professional-architectural-photography-of-a-modern-commercial-facade-in-a-prime-urban-location-with.jpeg","type":"image\/jpeg"}],"author":"WGB Engenharia","twitter_card":"summary_large_image","twitter_misc":{"Written by":"WGB Engenharia","Est. reading time":"2 minutes"},"schema":{"@context":"https:\/\/schema.org","@graph":[{"@type":"Article","@id":"https:\/\/www.wgbengenharia.com\/arquiteto-mallet\/#article","isPartOf":{"@id":"https:\/\/www.wgbengenharia.com\/arquiteto-mallet\/"},"author":{"name":"WGB Engenharia","@id":"https:\/\/www.wgbengenharia.com\/#\/schema\/person\/4450c905cbe5109d68c6b7af85a86f8b"},"headline":"Arquiteto em Mallet: Fachadas Comerciais de Alto Padr\u00e3o","datePublished":"2026-07-16T13:31:50+00:00","mainEntityOfPage":{"@id":"https:\/\/www.wgbengenharia.com\/arquiteto-mallet\/"},"wordCount":360,"commentCount":0,"publisher":{"@id":"https:\/\/www.wgbengenharia.com\/#organization"},"image":{"@id":"https:\/\/www.wgbengenharia.com\/arquiteto-mallet\/#primaryimage"},"thumbnailUrl":"https:\/\/www.wgbengenharia.com\/wp-content\/uploads\/2026\/07\/professional-architectural-photography-of-a-modern-commercial-facade-in-a-prime-urban-location-with.jpeg","articleSection":["Sem categoria"],"inLanguage":"en-US","potentialAction":[{"@type":"CommentAction","name":"Comment","target":["https:\/\/www.wgbengenharia.com\/arquiteto-mallet\/#respond"]}]},{"@type":"WebPage","@id":"https:\/\/www.wgbengenharia.com\/arquiteto-mallet\/","url":"https:\/\/www.wgbengenharia.com\/arquiteto-mallet\/","name":"Architect in Mallet: High-End Commercial Facades","isPartOf":{"@id":"https:\/\/www.wgbengenharia.com\/#website"},"primaryImageOfPage":{"@id":"https:\/\/www.wgbengenharia.com\/arquiteto-mallet\/#primaryimage"},"image":{"@id":"https:\/\/www.wgbengenharia.com\/arquiteto-mallet\/#primaryimage"},"thumbnailUrl":"https:\/\/www.wgbengenharia.com\/wp-content\/uploads\/2026\/07\/professional-architectural-photography-of-a-modern-commercial-facade-in-a-prime-urban-location-with.jpeg","datePublished":"2026-07-16T13:31:50+00:00","description":"Procurando arquiteto em Mallet - PR? A WGB Arquitetura e Engenharia projeta fachadas comerciais modernas que valorizam o seu neg\u00f3cio na regi\u00e3o.","breadcrumb":{"@id":"https:\/\/www.wgbengenharia.com\/arquiteto-mallet\/#breadcrumb"},"inLanguage":"en-US","potentialAction":[{"@type":"ReadAction","target":["https:\/\/www.wgbengenharia.com\/arquiteto-mallet\/"]}]},{"@type":"ImageObject","inLanguage":"en-US","@id":"https:\/\/www.wgbengenharia.com\/arquiteto-mallet\/#primaryimage","url":"https:\/\/www.wgbengenharia.com\/wp-content\/uploads\/2026\/07\/professional-architectural-photography-of-a-modern-commercial-facade-in-a-prime-urban-location-with.jpeg","contentUrl":"https:\/\/www.wgbengenharia.com\/wp-content\/uploads\/2026\/07\/professional-architectural-photography-of-a-modern-commercial-facade-in-a-prime-urban-location-with.jpeg","width":512,"height":512,"caption":"{\"prompt\":\"professional architectural photography of a modern commercial facade in a prime urban location with glass panels and led lighting sophisticated design high-end finishing materials sharp focus cinematic lighting photorealistic render\",\"originalPrompt\":\"professional architectural photography of a modern commercial facade in a prime urban location with glass panels and led lighting sophisticated design high-end finishing materials sharp focus cinematic lighting photorealistic render\",\"width\":512,\"height\":512,\"seed\":42,\"model\":\"flux\",\"safe\":false,\"quality\":\"medium\",\"image\":[],\"transparent\":false,\"reasoning\":\"balanced\",\"audio\":true,\"dimensionsExplicit\":true,\"isMature\":false,\"isChild\":false,\"trackingData\":{\"actualModel\":\"flux\",\"usage\":{\"completionImageTokens\":1,\"totalTokenCount\":1}}}"},{"@type":"BreadcrumbList","@id":"https:\/\/www.wgbengenharia.com\/arquiteto-mallet\/#breadcrumb","itemListElement":[{"@type":"ListItem","position":1,"name":"In\u00edcio","item":"https:\/\/www.wgbengenharia.com\/"},{"@type":"ListItem","position":2,"name":"Arquiteto em Mallet: Fachadas Comerciais de Alto Padr\u00e3o"}]},{"@type":"WebSite","@id":"https:\/\/www.wgbengenharia.com\/#website","url":"https:\/\/www.wgbengenharia.com\/","name":"WGB Architecture and Engineering","description":"WGB | Architecture and Engineering in Pi\u00e7arras","publisher":{"@id":"https:\/\/www.wgbengenharia.com\/#organization"},"potentialAction":[{"@type":"SearchAction","target":{"@type":"EntryPoint","urlTemplate":"https:\/\/www.wgbengenharia.com\/?s={search_term_string}"},"query-input":{"@type":"PropertyValueSpecification","valueRequired":true,"valueName":"search_term_string"}}],"inLanguage":"en-US"},{"@type":"Person","@id":"https:\/\/www.wgbengenharia.com\/#\/schema\/person\/4450c905cbe5109d68c6b7af85a86f8b","name":"WGB Engineering","image":{"@type":"ImageObject","inLanguage":"en-US","@id":"https:\/\/secure.gravatar.com\/avatar\/76e9e27773adbe41c936fba046b3749734c09772567a94ba26d2bbcb97814542?s=96&d=mm&r=g","url":"https:\/\/secure.gravatar.com\/avatar\/76e9e27773adbe41c936fba046b3749734c09772567a94ba26d2bbcb97814542?s=96&d=mm&r=g","contentUrl":"https:\/\/secure.gravatar.com\/avatar\/76e9e27773adbe41c936fba046b3749734c09772567a94ba26d2bbcb97814542?s=96&d=mm&r=g","caption":"WGB Engenharia"}}]}},"_yoast_wpseo_focuskw":"arquiteto em Mallet","_yoast_wpseo_metadesc":"Procurando arquiteto em Mallet - PR? A WGB Arquitetura e Engenharia projeta fachadas comerciais modernas que valorizam o seu neg\u00f3cio na regi\u00e3o.","_yoast_wpseo_title":"Arquiteto em Mallet: Fachadas Comerciais de Alto Padr\u00e3o","_links":{"self":[{"href":"https:\/\/www.wgbengenharia.com\/en\/wp-json\/wp\/v2\/posts\/18179","targetHints":{"allow":["GET"]}}],"collection":[{"href":"https:\/\/www.wgbengenharia.com\/en\/wp-json\/wp\/v2\/posts"}],"about":[{"href":"https:\/\/www.wgbengenharia.com\/en\/wp-json\/wp\/v2\/types\/post"}],"author":[{"embeddable":true,"href":"https:\/\/www.wgbengenharia.com\/en\/wp-json\/wp\/v2\/users\/3"}],"replies":[{"embeddable":true,"href":"https:\/\/www.wgbengenharia.com\/en\/wp-json\/wp\/v2\/comments?post=18179"}],"version-history":[{"count":0,"href":"https:\/\/www.wgbengenharia.com\/en\/wp-json\/wp\/v2\/posts\/18179\/revisions"}],"wp:featuredmedia":[{"embeddable":true,"href":"https:\/\/www.wgbengenharia.com\/en\/wp-json\/wp\/v2\/media\/18178"}],"wp:attachment":[{"href":"https:\/\/www.wgbengenharia.com\/en\/wp-json\/wp\/v2\/media?parent=18179"}],"wp:term":[{"taxonomy":"category","embeddable":true,"href":"https:\/\/www.wgbengenharia.com\/en\/wp-json\/wp\/v2\/categories?post=18179"},{"taxonomy":"post_tag","embeddable":true,"href":"https:\/\/www.wgbengenharia.com\/en\/wp-json\/wp\/v2\/tags?post=18179"}],"curies":[{"name":"wp","href":"https:\/\/api.w.org\/{rel}","templated":true}]}}