{"id":18335,"date":"2026-07-17T07:31:00","date_gmt":"2026-07-17T10:31:00","guid":{"rendered":"https:\/\/www.wgbengenharia.com\/arquiteto-prado-ferreira\/"},"modified":"2026-07-17T07:31:00","modified_gmt":"2026-07-17T10:31:00","slug":"arquiteto-prado-ferreira","status":"publish","type":"post","link":"https:\/\/www.wgbengenharia.com\/en\/arquiteto-prado-ferreira\/","title":{"rendered":"Architect in Prado Ferreira: Enhance your Shopping Mall"},"content":{"rendered":"<h2>Why invest in commercial architecture in Prado Ferreira?<\/h2>\n<p>Do you want to maximize the return on your property? <strong>Hiring an architect in Prado Ferreira<\/strong> It&#039;s the first step towards ensuring financial success. Furthermore, strategic design transforms common spaces into high-value assets. Therefore, a well-planned project attracts qualified tenants and increases monthly profitability.<\/p>\n<h2>The power of design in profitability.<\/h2>\n<p>Many owners neglect the facade. However, visual appeal is the main driver of sales. Therefore, when designing commercial galleries, we focus on intelligent flows and maximum visibility. For example, proximity to strategic points, such as... <strong>Main Church of Prado Ferreira<\/strong>, This requires the project to interact with the local pedestrian flow. With the goal of optimizing the experience, our solutions focus on direct customer conversion.<\/p>\n<h2>Engineering and legal compliance<\/h2>\n<p>Beyond aesthetics, legal security is fundamental. Therefore, we rigorously follow the... <strong>NBR 9050<\/strong> To ensure universal accessibility in all environments. In this way, your project avoids fines and maintains its market value. Furthermore, technical planning reduces unnecessary costs during construction. Consequently, you obtain an efficient, safe, and timely construction project.<\/p>\n<h2>Why choose WGB Engenharia?<\/h2>\n<p>Architecture goes beyond technical design. Therefore, each of our projects is designed to generate cash flow. With the goal of maximizing your investment, we apply neuroarchitecture techniques that encourage consumption. Furthermore, we monitor each stage of the schedule to ensure the quality of the finishes. In this way, your commercial gallery stands out from the local competition.<\/p>\n<h2>Maximizing your results<\/h2>\n<p>Building or renovating requires strategic vision. Therefore, don&#039;t risk your assets with amateurs. Furthermore, the market in Prado Ferreira is constantly expanding. For example, modern galleries have greater liquidity and a lower vacancy rate. Thus, investing in a signed project is a smart and necessary financial decision for those seeking real profits.<\/p>\n<p>Your property has immense potential for economic growth. Therefore, ensure the appreciation of your property through our services. <a href=\"https:\/\/www.wgbengenharia.com\/en\/arquitetura-na-wgb\/\">architecture in Prado Ferreira<\/a> and ensure the success of your next real estate investment.<\/p>","protected":false},"excerpt":{"rendered":"<p>Por que investir em arquitetura comercial em Prado Ferreira? Voc\u00ea deseja maximizar o retorno sobre o seu im\u00f3vel? Contratar um arquiteto em Prado Ferreira \u00e9 o primeiro passo para garantir sucesso financeiro. Al\u00e9m disso, o design estrat\u00e9gico transforma espa\u00e7os comuns em ativos de alta valoriza\u00e7\u00e3o. Portanto, um projeto bem planejado atrai inquilinos qualificados e aumenta a rentabilidade mensal. O poder do design na rentabilidade Muitos propriet\u00e1rios negligenciam a fachada. No entanto, o apelo visual \u00e9 o principal motor de vendas. Dessa forma, ao projetar galerias comerciais, focamos em fluxos inteligentes e visibilidade m\u00e1xima. Por exemplo, a proximidade com pontos estrat\u00e9gicos, como a Igreja Matriz de Prado Ferreira, exige que o projeto dialogue com o fluxo local de pedestres. Com o objetivo de otimizar a experi\u00eancia, nossas solu\u00e7\u00f5es focam na convers\u00e3o direta do consumidor. Engenharia e conformidade legal Al\u00e9m da est\u00e9tica, a seguran\u00e7a jur\u00eddica \u00e9 fundamental. Portanto, seguimos rigorosamente a NBR 9050 para garantir acessibilidade universal em todos os ambientes. Dessa forma, seu empreendimento evita multas e se mant\u00e9m valorizado no mercado. Al\u00e9m disso, o planejamento t\u00e9cnico reduz custos desnecess\u00e1rios durante a execu\u00e7\u00e3o da obra. Consequentemente, voc\u00ea obt\u00e9m uma constru\u00e7\u00e3o eficiente, segura e dentro dos prazos estipulados. Por que escolher a WGB Engenharia? A arquitetura vai al\u00e9m do desenho t\u00e9cnico. Portanto, cada projeto nosso \u00e9 pensado para gerar fluxo de caixa. Com o objetivo de maximizar seu investimento, aplicamos t\u00e9cnicas de neuroarquitetura que induzem o consumo. Al\u00e9m disso, acompanhamos cada etapa do cronograma para assegurar a qualidade dos acabamentos. Dessa forma, sua galeria comercial se destaca frente \u00e0 concorr\u00eancia local. Maximizando seus resultados Construir ou reformar exige vis\u00e3o estrat\u00e9gica. Portanto, n\u00e3o arrisque seu patrim\u00f4nio com amadores. Al\u00e9m disso, o mercado de Prado Ferreira est\u00e1 em constante expans\u00e3o. Por exemplo, galerias modernas possuem maior liquidez e menor \u00edndice de vac\u00e2ncia. Dessa forma, investir em um projeto assinado \u00e9 uma decis\u00e3o financeira inteligente e necess\u00e1ria para quem busca lucros reais. Sua propriedade possui um potencial imenso de crescimento econ\u00f4mico. Por isso, garanta a valoriza\u00e7\u00e3o do seu im\u00f3vel atrav\u00e9s da nossa arquitetura em Prado Ferreira e assegure o sucesso do seu pr\u00f3ximo investimento imobili\u00e1rio.<\/p>","protected":false},"author":3,"featured_media":18334,"comment_status":"open","ping_status":"open","sticky":false,"template":"","format":"standard","meta":{"_acf_changed":false,"_monsterinsights_skip_tracking":false,"_wgb_auto_generated":"","_wgb_pair_post_id":0,"footnotes":""},"categories":[1],"tags":[],"class_list":["post-18335","post","type-post","status-publish","format-standard","has-post-thumbnail","hentry","category-sem-categoria"],"acf":[],"yoast_head":"<!-- This site is optimized with the Yoast SEO plugin v27.2 - https:\/\/yoast.com\/product\/yoast-seo-wordpress\/ -->\n<title>Arquiteto em Prado Ferreira: Valorize sua Galeria Comercial<\/title>\n<meta name=\"description\" content=\"Procurando arquiteto em Prado Ferreira? A WGB oferece projetos comerciais focados em alta rentabilidade e valoriza\u00e7\u00e3o de ativos. Conhe\u00e7a nossa expertise.\" \/>\n<meta name=\"robots\" content=\"index, follow, max-snippet:-1, max-image-preview:large, max-video-preview:-1\" \/>\n<link rel=\"canonical\" href=\"https:\/\/www.wgbengenharia.com\/en\/arquiteto-prado-ferreira\/\" \/>\n<meta property=\"og:locale\" content=\"en_US\" \/>\n<meta property=\"og:type\" content=\"article\" \/>\n<meta property=\"og:title\" content=\"Arquiteto em Prado Ferreira: Valorize sua Galeria Comercial\" \/>\n<meta property=\"og:description\" content=\"Procurando arquiteto em Prado Ferreira? A WGB oferece projetos comerciais focados em alta rentabilidade e valoriza\u00e7\u00e3o de ativos. Conhe\u00e7a nossa expertise.\" \/>\n<meta property=\"og:url\" content=\"https:\/\/www.wgbengenharia.com\/en\/arquiteto-prado-ferreira\/\" \/>\n<meta property=\"og:site_name\" content=\"WGB | Arquitetura e Engenharia em Pi\u00e7arras\" \/>\n<meta property=\"article:publisher\" content=\"https:\/\/www.facebook.com\/wgbengenhariadeempreendimentos?locale=pt_BR\" \/>\n<meta property=\"article:published_time\" content=\"2026-07-17T10:31:00+00:00\" \/>\n<meta property=\"og:image\" content=\"https:\/\/www.wgbengenharia.com\/wp-content\/uploads\/2026\/07\/professional-architectural-photography-of-a-modern-commercial-gallery-facade-in-brazilian-urban-sett.jpeg\" \/>\n\t<meta property=\"og:image:width\" content=\"512\" \/>\n\t<meta property=\"og:image:height\" content=\"512\" \/>\n\t<meta property=\"og:image:type\" content=\"image\/jpeg\" \/>\n<meta name=\"author\" content=\"WGB Engenharia\" \/>\n<meta name=\"twitter:card\" content=\"summary_large_image\" \/>\n<meta name=\"twitter:label1\" content=\"Written by\" \/>\n\t<meta name=\"twitter:data1\" content=\"WGB Engenharia\" \/>\n\t<meta name=\"twitter:label2\" content=\"Est. reading time\" \/>\n\t<meta name=\"twitter:data2\" content=\"2 minutes\" \/>\n<script type=\"application\/ld+json\" class=\"yoast-schema-graph\">{\"@context\":\"https:\/\/schema.org\",\"@graph\":[{\"@type\":\"Article\",\"@id\":\"https:\/\/www.wgbengenharia.com\/arquiteto-prado-ferreira\/#article\",\"isPartOf\":{\"@id\":\"https:\/\/www.wgbengenharia.com\/arquiteto-prado-ferreira\/\"},\"author\":{\"name\":\"WGB Engenharia\",\"@id\":\"https:\/\/www.wgbengenharia.com\/#\/schema\/person\/4450c905cbe5109d68c6b7af85a86f8b\"},\"headline\":\"Arquiteto em Prado Ferreira: Valorize sua Galeria Comercial\",\"datePublished\":\"2026-07-17T10:31:00+00:00\",\"mainEntityOfPage\":{\"@id\":\"https:\/\/www.wgbengenharia.com\/arquiteto-prado-ferreira\/\"},\"wordCount\":393,\"commentCount\":0,\"publisher\":{\"@id\":\"https:\/\/www.wgbengenharia.com\/#organization\"},\"image\":{\"@id\":\"https:\/\/www.wgbengenharia.com\/arquiteto-prado-ferreira\/#primaryimage\"},\"thumbnailUrl\":\"https:\/\/www.wgbengenharia.com\/wp-content\/uploads\/2026\/07\/professional-architectural-photography-of-a-modern-commercial-gallery-facade-in-brazilian-urban-sett.jpeg\",\"articleSection\":[\"Sem categoria\"],\"inLanguage\":\"en-US\",\"potentialAction\":[{\"@type\":\"CommentAction\",\"name\":\"Comment\",\"target\":[\"https:\/\/www.wgbengenharia.com\/arquiteto-prado-ferreira\/#respond\"]}]},{\"@type\":\"WebPage\",\"@id\":\"https:\/\/www.wgbengenharia.com\/arquiteto-prado-ferreira\/\",\"url\":\"https:\/\/www.wgbengenharia.com\/arquiteto-prado-ferreira\/\",\"name\":\"Arquiteto em Prado Ferreira: Valorize sua Galeria Comercial\",\"isPartOf\":{\"@id\":\"https:\/\/www.wgbengenharia.com\/#website\"},\"primaryImageOfPage\":{\"@id\":\"https:\/\/www.wgbengenharia.com\/arquiteto-prado-ferreira\/#primaryimage\"},\"image\":{\"@id\":\"https:\/\/www.wgbengenharia.com\/arquiteto-prado-ferreira\/#primaryimage\"},\"thumbnailUrl\":\"https:\/\/www.wgbengenharia.com\/wp-content\/uploads\/2026\/07\/professional-architectural-photography-of-a-modern-commercial-gallery-facade-in-brazilian-urban-sett.jpeg\",\"datePublished\":\"2026-07-17T10:31:00+00:00\",\"description\":\"Procurando arquiteto em Prado Ferreira? A WGB oferece projetos comerciais focados em alta rentabilidade e valoriza\u00e7\u00e3o de ativos. Conhe\u00e7a nossa expertise.\",\"breadcrumb\":{\"@id\":\"https:\/\/www.wgbengenharia.com\/arquiteto-prado-ferreira\/#breadcrumb\"},\"inLanguage\":\"en-US\",\"potentialAction\":[{\"@type\":\"ReadAction\",\"target\":[\"https:\/\/www.wgbengenharia.com\/arquiteto-prado-ferreira\/\"]}]},{\"@type\":\"ImageObject\",\"inLanguage\":\"en-US\",\"@id\":\"https:\/\/www.wgbengenharia.com\/arquiteto-prado-ferreira\/#primaryimage\",\"url\":\"https:\/\/www.wgbengenharia.com\/wp-content\/uploads\/2026\/07\/professional-architectural-photography-of-a-modern-commercial-gallery-facade-in-brazilian-urban-sett.jpeg\",\"contentUrl\":\"https:\/\/www.wgbengenharia.com\/wp-content\/uploads\/2026\/07\/professional-architectural-photography-of-a-modern-commercial-gallery-facade-in-brazilian-urban-sett.jpeg\",\"width\":512,\"height\":512,\"caption\":\"{\\\"prompt\\\":\\\"professional architectural photography of a modern commercial gallery facade in brazilian urban setting high-end design sleek minimalist materials large glass panels cinematic lighting sharp focus photorealistic luxury construction standards\\\",\\\"originalPrompt\\\":\\\"professional architectural photography of a modern commercial gallery facade in brazilian urban setting high-end design sleek minimalist materials large glass panels cinematic lighting sharp focus photorealistic luxury construction standards\\\",\\\"width\\\":512,\\\"height\\\":512,\\\"seed\\\":42,\\\"model\\\":\\\"flux\\\",\\\"safe\\\":false,\\\"quality\\\":\\\"medium\\\",\\\"image\\\":[],\\\"transparent\\\":false,\\\"reasoning\\\":\\\"balanced\\\",\\\"audio\\\":true,\\\"dimensionsExplicit\\\":true,\\\"isMature\\\":false,\\\"isChild\\\":false,\\\"trackingData\\\":{\\\"actualModel\\\":\\\"flux\\\",\\\"usage\\\":{\\\"completionImageTokens\\\":1,\\\"totalTokenCount\\\":1}}}\"},{\"@type\":\"BreadcrumbList\",\"@id\":\"https:\/\/www.wgbengenharia.com\/arquiteto-prado-ferreira\/#breadcrumb\",\"itemListElement\":[{\"@type\":\"ListItem\",\"position\":1,\"name\":\"In\u00edcio\",\"item\":\"https:\/\/www.wgbengenharia.com\/\"},{\"@type\":\"ListItem\",\"position\":2,\"name\":\"Arquiteto em Prado Ferreira: Valorize sua Galeria Comercial\"}]},{\"@type\":\"WebSite\",\"@id\":\"https:\/\/www.wgbengenharia.com\/#website\",\"url\":\"https:\/\/www.wgbengenharia.com\/\",\"name\":\"WGB Arquitetura e Engenharia\",\"description\":\"WGB | Arquitetura e Engenharia em Pi\u00e7arras\",\"publisher\":{\"@id\":\"https:\/\/www.wgbengenharia.com\/#organization\"},\"potentialAction\":[{\"@type\":\"SearchAction\",\"target\":{\"@type\":\"EntryPoint\",\"urlTemplate\":\"https:\/\/www.wgbengenharia.com\/?s={search_term_string}\"},\"query-input\":{\"@type\":\"PropertyValueSpecification\",\"valueRequired\":true,\"valueName\":\"search_term_string\"}}],\"inLanguage\":\"en-US\"},{\"@type\":\"Person\",\"@id\":\"https:\/\/www.wgbengenharia.com\/#\/schema\/person\/4450c905cbe5109d68c6b7af85a86f8b\",\"name\":\"WGB Engenharia\",\"image\":{\"@type\":\"ImageObject\",\"inLanguage\":\"en-US\",\"@id\":\"https:\/\/secure.gravatar.com\/avatar\/76e9e27773adbe41c936fba046b3749734c09772567a94ba26d2bbcb97814542?s=96&d=mm&r=g\",\"url\":\"https:\/\/secure.gravatar.com\/avatar\/76e9e27773adbe41c936fba046b3749734c09772567a94ba26d2bbcb97814542?s=96&d=mm&r=g\",\"contentUrl\":\"https:\/\/secure.gravatar.com\/avatar\/76e9e27773adbe41c936fba046b3749734c09772567a94ba26d2bbcb97814542?s=96&d=mm&r=g\",\"caption\":\"WGB Engenharia\"}}]}<\/script>\n<!-- \/ Yoast SEO plugin. -->","yoast_head_json":{"title":"Architect in Prado Ferreira: Enhance your Shopping Mall","description":"Procurando arquiteto em Prado Ferreira? A WGB oferece projetos comerciais focados em alta rentabilidade e valoriza\u00e7\u00e3o de ativos. Conhe\u00e7a nossa expertise.","robots":{"index":"index","follow":"follow","max-snippet":"max-snippet:-1","max-image-preview":"max-image-preview:large","max-video-preview":"max-video-preview:-1"},"canonical":"https:\/\/www.wgbengenharia.com\/en\/arquiteto-prado-ferreira\/","og_locale":"en_US","og_type":"article","og_title":"Arquiteto em Prado Ferreira: Valorize sua Galeria Comercial","og_description":"Procurando arquiteto em Prado Ferreira? A WGB oferece projetos comerciais focados em alta rentabilidade e valoriza\u00e7\u00e3o de ativos. Conhe\u00e7a nossa expertise.","og_url":"https:\/\/www.wgbengenharia.com\/en\/arquiteto-prado-ferreira\/","og_site_name":"WGB | Arquitetura e Engenharia em Pi\u00e7arras","article_publisher":"https:\/\/www.facebook.com\/wgbengenhariadeempreendimentos?locale=pt_BR","article_published_time":"2026-07-17T10:31:00+00:00","og_image":[{"width":512,"height":512,"url":"https:\/\/www.wgbengenharia.com\/wp-content\/uploads\/2026\/07\/professional-architectural-photography-of-a-modern-commercial-gallery-facade-in-brazilian-urban-sett.jpeg","type":"image\/jpeg"}],"author":"WGB Engenharia","twitter_card":"summary_large_image","twitter_misc":{"Written by":"WGB Engenharia","Est. reading time":"2 minutes"},"schema":{"@context":"https:\/\/schema.org","@graph":[{"@type":"Article","@id":"https:\/\/www.wgbengenharia.com\/arquiteto-prado-ferreira\/#article","isPartOf":{"@id":"https:\/\/www.wgbengenharia.com\/arquiteto-prado-ferreira\/"},"author":{"name":"WGB Engenharia","@id":"https:\/\/www.wgbengenharia.com\/#\/schema\/person\/4450c905cbe5109d68c6b7af85a86f8b"},"headline":"Arquiteto em Prado Ferreira: Valorize sua Galeria Comercial","datePublished":"2026-07-17T10:31:00+00:00","mainEntityOfPage":{"@id":"https:\/\/www.wgbengenharia.com\/arquiteto-prado-ferreira\/"},"wordCount":393,"commentCount":0,"publisher":{"@id":"https:\/\/www.wgbengenharia.com\/#organization"},"image":{"@id":"https:\/\/www.wgbengenharia.com\/arquiteto-prado-ferreira\/#primaryimage"},"thumbnailUrl":"https:\/\/www.wgbengenharia.com\/wp-content\/uploads\/2026\/07\/professional-architectural-photography-of-a-modern-commercial-gallery-facade-in-brazilian-urban-sett.jpeg","articleSection":["Sem categoria"],"inLanguage":"en-US","potentialAction":[{"@type":"CommentAction","name":"Comment","target":["https:\/\/www.wgbengenharia.com\/arquiteto-prado-ferreira\/#respond"]}]},{"@type":"WebPage","@id":"https:\/\/www.wgbengenharia.com\/arquiteto-prado-ferreira\/","url":"https:\/\/www.wgbengenharia.com\/arquiteto-prado-ferreira\/","name":"Architect in Prado Ferreira: Enhance your Shopping Mall","isPartOf":{"@id":"https:\/\/www.wgbengenharia.com\/#website"},"primaryImageOfPage":{"@id":"https:\/\/www.wgbengenharia.com\/arquiteto-prado-ferreira\/#primaryimage"},"image":{"@id":"https:\/\/www.wgbengenharia.com\/arquiteto-prado-ferreira\/#primaryimage"},"thumbnailUrl":"https:\/\/www.wgbengenharia.com\/wp-content\/uploads\/2026\/07\/professional-architectural-photography-of-a-modern-commercial-gallery-facade-in-brazilian-urban-sett.jpeg","datePublished":"2026-07-17T10:31:00+00:00","description":"Procurando arquiteto em Prado Ferreira? A WGB oferece projetos comerciais focados em alta rentabilidade e valoriza\u00e7\u00e3o de ativos. Conhe\u00e7a nossa expertise.","breadcrumb":{"@id":"https:\/\/www.wgbengenharia.com\/arquiteto-prado-ferreira\/#breadcrumb"},"inLanguage":"en-US","potentialAction":[{"@type":"ReadAction","target":["https:\/\/www.wgbengenharia.com\/arquiteto-prado-ferreira\/"]}]},{"@type":"ImageObject","inLanguage":"en-US","@id":"https:\/\/www.wgbengenharia.com\/arquiteto-prado-ferreira\/#primaryimage","url":"https:\/\/www.wgbengenharia.com\/wp-content\/uploads\/2026\/07\/professional-architectural-photography-of-a-modern-commercial-gallery-facade-in-brazilian-urban-sett.jpeg","contentUrl":"https:\/\/www.wgbengenharia.com\/wp-content\/uploads\/2026\/07\/professional-architectural-photography-of-a-modern-commercial-gallery-facade-in-brazilian-urban-sett.jpeg","width":512,"height":512,"caption":"{\"prompt\":\"professional architectural photography of a modern commercial gallery facade in brazilian urban setting high-end design sleek minimalist materials large glass panels cinematic lighting sharp focus photorealistic luxury construction standards\",\"originalPrompt\":\"professional architectural photography of a modern commercial gallery facade in brazilian urban setting high-end design sleek minimalist materials large glass panels cinematic lighting sharp focus photorealistic luxury construction standards\",\"width\":512,\"height\":512,\"seed\":42,\"model\":\"flux\",\"safe\":false,\"quality\":\"medium\",\"image\":[],\"transparent\":false,\"reasoning\":\"balanced\",\"audio\":true,\"dimensionsExplicit\":true,\"isMature\":false,\"isChild\":false,\"trackingData\":{\"actualModel\":\"flux\",\"usage\":{\"completionImageTokens\":1,\"totalTokenCount\":1}}}"},{"@type":"BreadcrumbList","@id":"https:\/\/www.wgbengenharia.com\/arquiteto-prado-ferreira\/#breadcrumb","itemListElement":[{"@type":"ListItem","position":1,"name":"In\u00edcio","item":"https:\/\/www.wgbengenharia.com\/"},{"@type":"ListItem","position":2,"name":"Arquiteto em Prado Ferreira: Valorize sua Galeria Comercial"}]},{"@type":"WebSite","@id":"https:\/\/www.wgbengenharia.com\/#website","url":"https:\/\/www.wgbengenharia.com\/","name":"WGB Architecture and Engineering","description":"WGB | Architecture and Engineering in Pi\u00e7arras","publisher":{"@id":"https:\/\/www.wgbengenharia.com\/#organization"},"potentialAction":[{"@type":"SearchAction","target":{"@type":"EntryPoint","urlTemplate":"https:\/\/www.wgbengenharia.com\/?s={search_term_string}"},"query-input":{"@type":"PropertyValueSpecification","valueRequired":true,"valueName":"search_term_string"}}],"inLanguage":"en-US"},{"@type":"Person","@id":"https:\/\/www.wgbengenharia.com\/#\/schema\/person\/4450c905cbe5109d68c6b7af85a86f8b","name":"WGB Engineering","image":{"@type":"ImageObject","inLanguage":"en-US","@id":"https:\/\/secure.gravatar.com\/avatar\/76e9e27773adbe41c936fba046b3749734c09772567a94ba26d2bbcb97814542?s=96&d=mm&r=g","url":"https:\/\/secure.gravatar.com\/avatar\/76e9e27773adbe41c936fba046b3749734c09772567a94ba26d2bbcb97814542?s=96&d=mm&r=g","contentUrl":"https:\/\/secure.gravatar.com\/avatar\/76e9e27773adbe41c936fba046b3749734c09772567a94ba26d2bbcb97814542?s=96&d=mm&r=g","caption":"WGB Engenharia"}}]}},"_yoast_wpseo_focuskw":"arquiteto em Prado Ferreira","_yoast_wpseo_metadesc":"Procurando arquiteto em Prado Ferreira? A WGB oferece projetos comerciais focados em alta rentabilidade e valoriza\u00e7\u00e3o de ativos. Conhe\u00e7a nossa expertise.","_yoast_wpseo_title":"Arquiteto em Prado Ferreira: Valorize sua Galeria Comercial","_links":{"self":[{"href":"https:\/\/www.wgbengenharia.com\/en\/wp-json\/wp\/v2\/posts\/18335","targetHints":{"allow":["GET"]}}],"collection":[{"href":"https:\/\/www.wgbengenharia.com\/en\/wp-json\/wp\/v2\/posts"}],"about":[{"href":"https:\/\/www.wgbengenharia.com\/en\/wp-json\/wp\/v2\/types\/post"}],"author":[{"embeddable":true,"href":"https:\/\/www.wgbengenharia.com\/en\/wp-json\/wp\/v2\/users\/3"}],"replies":[{"embeddable":true,"href":"https:\/\/www.wgbengenharia.com\/en\/wp-json\/wp\/v2\/comments?post=18335"}],"version-history":[{"count":0,"href":"https:\/\/www.wgbengenharia.com\/en\/wp-json\/wp\/v2\/posts\/18335\/revisions"}],"wp:featuredmedia":[{"embeddable":true,"href":"https:\/\/www.wgbengenharia.com\/en\/wp-json\/wp\/v2\/media\/18334"}],"wp:attachment":[{"href":"https:\/\/www.wgbengenharia.com\/en\/wp-json\/wp\/v2\/media?parent=18335"}],"wp:term":[{"taxonomy":"category","embeddable":true,"href":"https:\/\/www.wgbengenharia.com\/en\/wp-json\/wp\/v2\/categories?post=18335"},{"taxonomy":"post_tag","embeddable":true,"href":"https:\/\/www.wgbengenharia.com\/en\/wp-json\/wp\/v2\/tags?post=18335"}],"curies":[{"name":"wp","href":"https:\/\/api.w.org\/{rel}","templated":true}]}}