{"id":18480,"date":"2026-07-18T02:59:06","date_gmt":"2026-07-18T05:59:06","guid":{"rendered":"https:\/\/www.wgbengenharia.com\/arquiteto-sao-jorge\/"},"modified":"2026-07-18T02:59:06","modified_gmt":"2026-07-18T05:59:06","slug":"arquiteto-sao-jorge","status":"publish","type":"post","link":"https:\/\/www.wgbengenharia.com\/en\/arquiteto-sao-jorge\/","title":{"rendered":"Architect in S\u00e3o Jorge do Iva\u00ed: High-Impact Commercial Facades"},"content":{"rendered":"<h2>Transform your business with elite architecture.<\/h2>\n<p>Are you looking to enhance your business location in S\u00e3o Jorge do Iva\u00ed? A modern facade certainly attracts more customers. Furthermore, it immediately conveys credibility to your target audience. Therefore, investing in a project designed by WGB Arquitetura e Engenharia is the best market strategy.<\/p>\n<h2>Commercial facades on main avenues<\/h2>\n<p>The city&#039;s main avenues demand impressive visual solutions. For example, we use premium materials to create volumes that stand out in urban traffic. In this way, your company ceases to be just another one on the street and becomes a landmark. Similarly, we design strategic lighting that enhances the property even at night.<\/p>\n<h2>Respect for local rules and laws.<\/h2>\n<p>However, beauty alone is not enough. As required by <strong>Municipal Master Plan<\/strong>, Our projects strictly adhere to setbacks and occupancy rates. Furthermore, we follow ABNT standards to guarantee universal accessibility. For example, our ramps and tactile paving ensure complete technical compliance.<\/p>\n<h2>Strategic location in Iva\u00ed<\/h2>\n<p>Designing in S\u00e3o Jorge do Iva\u00ed requires geographical sensitivity. This is especially true for projects close to... <strong>Saint George Parish Church<\/strong>, In areas with high pedestrian traffic, design needs to integrate modernity and tradition. Therefore, we created facades that respect the harmony of the city center, yet feature bold and contemporary lines.<\/p>\n<h2>Precision engineering for your project.<\/h2>\n<p>Furthermore, we provide comprehensive support during execution. For example, we conduct detailed monitoring of each stage. In this way, we avoid material waste and schedule delays. Moreover, our team is proficient in the most advanced construction technologies. Therefore, WGB ensures superior quality in every structural detail.<\/p>\n<h2>Why choose WGB?<\/h2>\n<p>Firstly, our methodology focuses on financial results for the client. Furthermore, we combine functional aesthetics with cost-efficient engineering. Therefore, the return on investment appears through the increased value of your property. Finally, we guarantee personalized service tailored to each specific need of your company.<\/p>\n<h2>The future of construction in S\u00e3o Jorge do Iva\u00ed<\/h2>\n<p>With the goal of raising the construction standard in the region, we combine creativity and rigorous technique. However, the success of your project begins with planning. Therefore, we invite you to elevate the level of your business and... <a href=\"https:\/\/www.wgbengenharia.com\/en\/arquitetura-na-wgb\/\">transform S\u00e3o Jorge do Iva\u00ed<\/a> with projects that define the future of local commerce.<\/p>","protected":false},"excerpt":{"rendered":"<p>Transforme seu neg\u00f3cio com arquitetura de elite Voc\u00ea busca valorizar seu ponto comercial em S\u00e3o Jorge do Iva\u00ed? Certamente, uma fachada moderna atrai mais clientes. Al\u00e9m disso, ela comunica credibilidade imediata ao seu p\u00fablico. Portanto, investir em um projeto assinado pela WGB Arquitetura e Engenharia \u00e9 a melhor estrat\u00e9gia de mercado. Fachadas comerciais em avenidas principais As avenidas principais da cidade exigem solu\u00e7\u00f5es visuais imponentes. Por exemplo, utilizamos materiais nobres para criar volumes que se destacam no tr\u00e1fego urbano. Dessa forma, sua empresa deixa de ser apenas mais uma na rua e passa a ser refer\u00eancia. Igualmente, projetamos ilumina\u00e7\u00e3o estrat\u00e9gica que valoriza o im\u00f3vel mesmo no per\u00edodo noturno. Respeito \u00e0s normas e legisla\u00e7\u00e3o local Entretanto, n\u00e3o basta apenas beleza. Conforme exige o Plano Diretor Municipal, nossos projetos respeitam rigorosamente os recuos e taxas de ocupa\u00e7\u00e3o. Al\u00e9m disso, seguimos as normas da ABNT para garantir a acessibilidade universal. Por exemplo, nossas rampas e pisos t\u00e1teis garantem conformidade t\u00e9cnica total. Localiza\u00e7\u00e3o estrat\u00e9gica no Iva\u00ed Projetar em S\u00e3o Jorge do Iva\u00ed exige sensibilidade geogr\u00e1fica. Principalmente para empreendimentos pr\u00f3ximos \u00e0 Igreja Matriz S\u00e3o Jorge, onde o fluxo de pedestres \u00e9 intenso, o design precisa integrar modernidade e tradi\u00e7\u00e3o. Portanto, criamos fachadas que respeitam a harmonia do centro, contudo, apresentam linhas arrojadas e contempor\u00e2neas. Engenharia de precis\u00e3o para sua obra Al\u00e9m disso, entregamos suporte completo na execu\u00e7\u00e3o. Por exemplo, realizamos o acompanhamento detalhado de cada etapa. Desse modo, evitamos desperd\u00edcios de materiais e atrasos no cronograma. Ali\u00e1s, nossa equipe domina as tecnologias mais avan\u00e7adas de constru\u00e7\u00e3o. Portanto, a WGB assegura qualidade superior em cada detalhe estrutural. Por que escolher a WGB? Primeiramente, nossa metodologia foca em resultados financeiros para o cliente. Al\u00e9m disso, unimos est\u00e9tica funcional e engenharia de custo eficiente. Sendo assim, o retorno sobre o investimento aparece atrav\u00e9s do aumento de valoriza\u00e7\u00e3o do seu im\u00f3vel. Por fim, garantimos um atendimento personalizado para cada necessidade espec\u00edfica da sua empresa. O futuro da constru\u00e7\u00e3o em S\u00e3o Jorge do Iva\u00ed Com o objetivo de elevar o padr\u00e3o construtivo da regi\u00e3o, unimos criatividade e t\u00e9cnica rigorosa. No entanto, o sucesso do seu empreendimento come\u00e7a no planejamento. Dessa forma, convidamos voc\u00ea a elevar o n\u00edvel do seu neg\u00f3cio e transformar S\u00e3o Jorge do Iva\u00ed com projetos que definem o futuro do com\u00e9rcio local.<\/p>","protected":false},"author":3,"featured_media":18479,"comment_status":"open","ping_status":"open","sticky":false,"template":"","format":"standard","meta":{"_acf_changed":false,"_monsterinsights_skip_tracking":false,"_wgb_auto_generated":"","_wgb_pair_post_id":0,"footnotes":""},"categories":[1],"tags":[],"class_list":["post-18480","post","type-post","status-publish","format-standard","has-post-thumbnail","hentry","category-sem-categoria"],"acf":[],"yoast_head":"<!-- This site is optimized with the Yoast SEO plugin v27.2 - https:\/\/yoast.com\/product\/yoast-seo-wordpress\/ -->\n<title>Arquiteto em S\u00e3o Jorge do Iva\u00ed: Fachadas Comerciais de Alto Impacto<\/title>\n<meta name=\"description\" content=\"Procurando um arquiteto em S\u00e3o Jorge do Iva\u00ed? A WGB Arquitetura e Engenharia cria fachadas comerciais modernas e valoriza o seu ponto comercial.\" \/>\n<meta name=\"robots\" content=\"index, follow, max-snippet:-1, max-image-preview:large, max-video-preview:-1\" \/>\n<link rel=\"canonical\" href=\"https:\/\/www.wgbengenharia.com\/en\/arquiteto-sao-jorge\/\" \/>\n<meta property=\"og:locale\" content=\"en_US\" \/>\n<meta property=\"og:type\" content=\"article\" \/>\n<meta property=\"og:title\" content=\"Arquiteto em S\u00e3o Jorge do Iva\u00ed: Fachadas Comerciais de Alto Impacto\" \/>\n<meta property=\"og:description\" content=\"Procurando um arquiteto em S\u00e3o Jorge do Iva\u00ed? A WGB Arquitetura e Engenharia cria fachadas comerciais modernas e valoriza o seu ponto comercial.\" \/>\n<meta property=\"og:url\" content=\"https:\/\/www.wgbengenharia.com\/en\/arquiteto-sao-jorge\/\" \/>\n<meta property=\"og:site_name\" content=\"WGB | Arquitetura e Engenharia em Pi\u00e7arras\" \/>\n<meta property=\"article:publisher\" content=\"https:\/\/www.facebook.com\/wgbengenhariadeempreendimentos?locale=pt_BR\" \/>\n<meta property=\"article:published_time\" content=\"2026-07-18T05:59:06+00:00\" \/>\n<meta property=\"og:image\" content=\"https:\/\/www.wgbengenharia.com\/wp-content\/uploads\/2026\/07\/professional-architectural-photography-of-a-modern-commercial-building-faade-with-glass-and-steel-s.jpeg\" \/>\n\t<meta property=\"og:image:width\" content=\"512\" \/>\n\t<meta property=\"og:image:height\" content=\"512\" \/>\n\t<meta property=\"og:image:type\" content=\"image\/jpeg\" \/>\n<meta name=\"author\" content=\"WGB Engenharia\" \/>\n<meta name=\"twitter:card\" content=\"summary_large_image\" \/>\n<meta name=\"twitter:label1\" content=\"Written by\" \/>\n\t<meta name=\"twitter:data1\" content=\"WGB Engenharia\" \/>\n\t<meta name=\"twitter:label2\" content=\"Est. reading time\" \/>\n\t<meta name=\"twitter:data2\" content=\"2 minutes\" \/>\n<script type=\"application\/ld+json\" class=\"yoast-schema-graph\">{\"@context\":\"https:\/\/schema.org\",\"@graph\":[{\"@type\":\"Article\",\"@id\":\"https:\/\/www.wgbengenharia.com\/arquiteto-sao-jorge\/#article\",\"isPartOf\":{\"@id\":\"https:\/\/www.wgbengenharia.com\/arquiteto-sao-jorge\/\"},\"author\":{\"name\":\"WGB Engenharia\",\"@id\":\"https:\/\/www.wgbengenharia.com\/#\/schema\/person\/4450c905cbe5109d68c6b7af85a86f8b\"},\"headline\":\"Arquiteto em S\u00e3o Jorge do Iva\u00ed: Fachadas Comerciais de Alto Impacto\",\"datePublished\":\"2026-07-18T05:59:06+00:00\",\"mainEntityOfPage\":{\"@id\":\"https:\/\/www.wgbengenharia.com\/arquiteto-sao-jorge\/\"},\"wordCount\":433,\"commentCount\":0,\"publisher\":{\"@id\":\"https:\/\/www.wgbengenharia.com\/#organization\"},\"image\":{\"@id\":\"https:\/\/www.wgbengenharia.com\/arquiteto-sao-jorge\/#primaryimage\"},\"thumbnailUrl\":\"https:\/\/www.wgbengenharia.com\/wp-content\/uploads\/2026\/07\/professional-architectural-photography-of-a-modern-commercial-building-faade-with-glass-and-steel-s.jpeg\",\"articleSection\":[\"Sem categoria\"],\"inLanguage\":\"en-US\",\"potentialAction\":[{\"@type\":\"CommentAction\",\"name\":\"Comment\",\"target\":[\"https:\/\/www.wgbengenharia.com\/arquiteto-sao-jorge\/#respond\"]}]},{\"@type\":\"WebPage\",\"@id\":\"https:\/\/www.wgbengenharia.com\/arquiteto-sao-jorge\/\",\"url\":\"https:\/\/www.wgbengenharia.com\/arquiteto-sao-jorge\/\",\"name\":\"Arquiteto em S\u00e3o Jorge do Iva\u00ed: Fachadas Comerciais de Alto Impacto\",\"isPartOf\":{\"@id\":\"https:\/\/www.wgbengenharia.com\/#website\"},\"primaryImageOfPage\":{\"@id\":\"https:\/\/www.wgbengenharia.com\/arquiteto-sao-jorge\/#primaryimage\"},\"image\":{\"@id\":\"https:\/\/www.wgbengenharia.com\/arquiteto-sao-jorge\/#primaryimage\"},\"thumbnailUrl\":\"https:\/\/www.wgbengenharia.com\/wp-content\/uploads\/2026\/07\/professional-architectural-photography-of-a-modern-commercial-building-faade-with-glass-and-steel-s.jpeg\",\"datePublished\":\"2026-07-18T05:59:06+00:00\",\"description\":\"Procurando um arquiteto em S\u00e3o Jorge do Iva\u00ed? A WGB Arquitetura e Engenharia cria fachadas comerciais modernas e valoriza o seu ponto comercial.\",\"breadcrumb\":{\"@id\":\"https:\/\/www.wgbengenharia.com\/arquiteto-sao-jorge\/#breadcrumb\"},\"inLanguage\":\"en-US\",\"potentialAction\":[{\"@type\":\"ReadAction\",\"target\":[\"https:\/\/www.wgbengenharia.com\/arquiteto-sao-jorge\/\"]}]},{\"@type\":\"ImageObject\",\"inLanguage\":\"en-US\",\"@id\":\"https:\/\/www.wgbengenharia.com\/arquiteto-sao-jorge\/#primaryimage\",\"url\":\"https:\/\/www.wgbengenharia.com\/wp-content\/uploads\/2026\/07\/professional-architectural-photography-of-a-modern-commercial-building-faade-with-glass-and-steel-s.jpeg\",\"contentUrl\":\"https:\/\/www.wgbengenharia.com\/wp-content\/uploads\/2026\/07\/professional-architectural-photography-of-a-modern-commercial-building-faade-with-glass-and-steel-s.jpeg\",\"width\":512,\"height\":512,\"caption\":\"{\\\"prompt\\\":\\\"professional architectural photography of a modern commercial building fa\u00e7ade with glass and steel structures located on a busy urban avenue at twilight cinematic lighting sharp focus photorealistic high-end corporate design\\\",\\\"originalPrompt\\\":\\\"professional architectural photography of a modern commercial building fa\u00e7ade with glass and steel structures located on a busy urban avenue at twilight cinematic lighting sharp focus photorealistic high-end corporate design\\\",\\\"width\\\":512,\\\"height\\\":512,\\\"seed\\\":42,\\\"model\\\":\\\"flux\\\",\\\"safe\\\":false,\\\"quality\\\":\\\"medium\\\",\\\"image\\\":[],\\\"transparent\\\":false,\\\"reasoning\\\":\\\"balanced\\\",\\\"audio\\\":true,\\\"dimensionsExplicit\\\":true,\\\"isMature\\\":false,\\\"isChild\\\":false,\\\"trackingData\\\":{\\\"actualModel\\\":\\\"flux\\\",\\\"usage\\\":{\\\"completionImageTokens\\\":1,\\\"totalTokenCount\\\":1}}}\"},{\"@type\":\"BreadcrumbList\",\"@id\":\"https:\/\/www.wgbengenharia.com\/arquiteto-sao-jorge\/#breadcrumb\",\"itemListElement\":[{\"@type\":\"ListItem\",\"position\":1,\"name\":\"In\u00edcio\",\"item\":\"https:\/\/www.wgbengenharia.com\/\"},{\"@type\":\"ListItem\",\"position\":2,\"name\":\"Arquiteto em S\u00e3o Jorge do Iva\u00ed: Fachadas Comerciais de Alto Impacto\"}]},{\"@type\":\"WebSite\",\"@id\":\"https:\/\/www.wgbengenharia.com\/#website\",\"url\":\"https:\/\/www.wgbengenharia.com\/\",\"name\":\"WGB Arquitetura e Engenharia\",\"description\":\"WGB | Arquitetura e Engenharia em Pi\u00e7arras\",\"publisher\":{\"@id\":\"https:\/\/www.wgbengenharia.com\/#organization\"},\"potentialAction\":[{\"@type\":\"SearchAction\",\"target\":{\"@type\":\"EntryPoint\",\"urlTemplate\":\"https:\/\/www.wgbengenharia.com\/?s={search_term_string}\"},\"query-input\":{\"@type\":\"PropertyValueSpecification\",\"valueRequired\":true,\"valueName\":\"search_term_string\"}}],\"inLanguage\":\"en-US\"},{\"@type\":\"Person\",\"@id\":\"https:\/\/www.wgbengenharia.com\/#\/schema\/person\/4450c905cbe5109d68c6b7af85a86f8b\",\"name\":\"WGB Engenharia\",\"image\":{\"@type\":\"ImageObject\",\"inLanguage\":\"en-US\",\"@id\":\"https:\/\/secure.gravatar.com\/avatar\/76e9e27773adbe41c936fba046b3749734c09772567a94ba26d2bbcb97814542?s=96&d=mm&r=g\",\"url\":\"https:\/\/secure.gravatar.com\/avatar\/76e9e27773adbe41c936fba046b3749734c09772567a94ba26d2bbcb97814542?s=96&d=mm&r=g\",\"contentUrl\":\"https:\/\/secure.gravatar.com\/avatar\/76e9e27773adbe41c936fba046b3749734c09772567a94ba26d2bbcb97814542?s=96&d=mm&r=g\",\"caption\":\"WGB Engenharia\"}}]}<\/script>\n<!-- \/ Yoast SEO plugin. -->","yoast_head_json":{"title":"Architect in S\u00e3o Jorge do Iva\u00ed: High-Impact Commercial Facades","description":"Procurando um arquiteto em S\u00e3o Jorge do Iva\u00ed? A WGB Arquitetura e Engenharia cria fachadas comerciais modernas e valoriza o seu ponto comercial.","robots":{"index":"index","follow":"follow","max-snippet":"max-snippet:-1","max-image-preview":"max-image-preview:large","max-video-preview":"max-video-preview:-1"},"canonical":"https:\/\/www.wgbengenharia.com\/en\/arquiteto-sao-jorge\/","og_locale":"en_US","og_type":"article","og_title":"Arquiteto em S\u00e3o Jorge do Iva\u00ed: Fachadas Comerciais de Alto Impacto","og_description":"Procurando um arquiteto em S\u00e3o Jorge do Iva\u00ed? A WGB Arquitetura e Engenharia cria fachadas comerciais modernas e valoriza o seu ponto comercial.","og_url":"https:\/\/www.wgbengenharia.com\/en\/arquiteto-sao-jorge\/","og_site_name":"WGB | Arquitetura e Engenharia em Pi\u00e7arras","article_publisher":"https:\/\/www.facebook.com\/wgbengenhariadeempreendimentos?locale=pt_BR","article_published_time":"2026-07-18T05:59:06+00:00","og_image":[{"width":512,"height":512,"url":"https:\/\/www.wgbengenharia.com\/wp-content\/uploads\/2026\/07\/professional-architectural-photography-of-a-modern-commercial-building-faade-with-glass-and-steel-s.jpeg","type":"image\/jpeg"}],"author":"WGB Engenharia","twitter_card":"summary_large_image","twitter_misc":{"Written by":"WGB Engenharia","Est. reading time":"2 minutes"},"schema":{"@context":"https:\/\/schema.org","@graph":[{"@type":"Article","@id":"https:\/\/www.wgbengenharia.com\/arquiteto-sao-jorge\/#article","isPartOf":{"@id":"https:\/\/www.wgbengenharia.com\/arquiteto-sao-jorge\/"},"author":{"name":"WGB Engenharia","@id":"https:\/\/www.wgbengenharia.com\/#\/schema\/person\/4450c905cbe5109d68c6b7af85a86f8b"},"headline":"Arquiteto em S\u00e3o Jorge do Iva\u00ed: Fachadas Comerciais de Alto Impacto","datePublished":"2026-07-18T05:59:06+00:00","mainEntityOfPage":{"@id":"https:\/\/www.wgbengenharia.com\/arquiteto-sao-jorge\/"},"wordCount":433,"commentCount":0,"publisher":{"@id":"https:\/\/www.wgbengenharia.com\/#organization"},"image":{"@id":"https:\/\/www.wgbengenharia.com\/arquiteto-sao-jorge\/#primaryimage"},"thumbnailUrl":"https:\/\/www.wgbengenharia.com\/wp-content\/uploads\/2026\/07\/professional-architectural-photography-of-a-modern-commercial-building-faade-with-glass-and-steel-s.jpeg","articleSection":["Sem categoria"],"inLanguage":"en-US","potentialAction":[{"@type":"CommentAction","name":"Comment","target":["https:\/\/www.wgbengenharia.com\/arquiteto-sao-jorge\/#respond"]}]},{"@type":"WebPage","@id":"https:\/\/www.wgbengenharia.com\/arquiteto-sao-jorge\/","url":"https:\/\/www.wgbengenharia.com\/arquiteto-sao-jorge\/","name":"Architect in S\u00e3o Jorge do Iva\u00ed: High-Impact Commercial Facades","isPartOf":{"@id":"https:\/\/www.wgbengenharia.com\/#website"},"primaryImageOfPage":{"@id":"https:\/\/www.wgbengenharia.com\/arquiteto-sao-jorge\/#primaryimage"},"image":{"@id":"https:\/\/www.wgbengenharia.com\/arquiteto-sao-jorge\/#primaryimage"},"thumbnailUrl":"https:\/\/www.wgbengenharia.com\/wp-content\/uploads\/2026\/07\/professional-architectural-photography-of-a-modern-commercial-building-faade-with-glass-and-steel-s.jpeg","datePublished":"2026-07-18T05:59:06+00:00","description":"Procurando um arquiteto em S\u00e3o Jorge do Iva\u00ed? A WGB Arquitetura e Engenharia cria fachadas comerciais modernas e valoriza o seu ponto comercial.","breadcrumb":{"@id":"https:\/\/www.wgbengenharia.com\/arquiteto-sao-jorge\/#breadcrumb"},"inLanguage":"en-US","potentialAction":[{"@type":"ReadAction","target":["https:\/\/www.wgbengenharia.com\/arquiteto-sao-jorge\/"]}]},{"@type":"ImageObject","inLanguage":"en-US","@id":"https:\/\/www.wgbengenharia.com\/arquiteto-sao-jorge\/#primaryimage","url":"https:\/\/www.wgbengenharia.com\/wp-content\/uploads\/2026\/07\/professional-architectural-photography-of-a-modern-commercial-building-faade-with-glass-and-steel-s.jpeg","contentUrl":"https:\/\/www.wgbengenharia.com\/wp-content\/uploads\/2026\/07\/professional-architectural-photography-of-a-modern-commercial-building-faade-with-glass-and-steel-s.jpeg","width":512,"height":512,"caption":"{\"prompt\":\"professional architectural photography of a modern commercial building fa\u00e7ade with glass and steel structures located on a busy urban avenue at twilight cinematic lighting sharp focus photorealistic high-end corporate design\",\"originalPrompt\":\"professional architectural photography of a modern commercial building fa\u00e7ade with glass and steel structures located on a busy urban avenue at twilight cinematic lighting sharp focus photorealistic high-end corporate design\",\"width\":512,\"height\":512,\"seed\":42,\"model\":\"flux\",\"safe\":false,\"quality\":\"medium\",\"image\":[],\"transparent\":false,\"reasoning\":\"balanced\",\"audio\":true,\"dimensionsExplicit\":true,\"isMature\":false,\"isChild\":false,\"trackingData\":{\"actualModel\":\"flux\",\"usage\":{\"completionImageTokens\":1,\"totalTokenCount\":1}}}"},{"@type":"BreadcrumbList","@id":"https:\/\/www.wgbengenharia.com\/arquiteto-sao-jorge\/#breadcrumb","itemListElement":[{"@type":"ListItem","position":1,"name":"In\u00edcio","item":"https:\/\/www.wgbengenharia.com\/"},{"@type":"ListItem","position":2,"name":"Arquiteto em S\u00e3o Jorge do Iva\u00ed: Fachadas Comerciais de Alto Impacto"}]},{"@type":"WebSite","@id":"https:\/\/www.wgbengenharia.com\/#website","url":"https:\/\/www.wgbengenharia.com\/","name":"WGB Architecture and Engineering","description":"WGB | Architecture and Engineering in Pi\u00e7arras","publisher":{"@id":"https:\/\/www.wgbengenharia.com\/#organization"},"potentialAction":[{"@type":"SearchAction","target":{"@type":"EntryPoint","urlTemplate":"https:\/\/www.wgbengenharia.com\/?s={search_term_string}"},"query-input":{"@type":"PropertyValueSpecification","valueRequired":true,"valueName":"search_term_string"}}],"inLanguage":"en-US"},{"@type":"Person","@id":"https:\/\/www.wgbengenharia.com\/#\/schema\/person\/4450c905cbe5109d68c6b7af85a86f8b","name":"WGB Engineering","image":{"@type":"ImageObject","inLanguage":"en-US","@id":"https:\/\/secure.gravatar.com\/avatar\/76e9e27773adbe41c936fba046b3749734c09772567a94ba26d2bbcb97814542?s=96&d=mm&r=g","url":"https:\/\/secure.gravatar.com\/avatar\/76e9e27773adbe41c936fba046b3749734c09772567a94ba26d2bbcb97814542?s=96&d=mm&r=g","contentUrl":"https:\/\/secure.gravatar.com\/avatar\/76e9e27773adbe41c936fba046b3749734c09772567a94ba26d2bbcb97814542?s=96&d=mm&r=g","caption":"WGB Engenharia"}}]}},"_yoast_wpseo_focuskw":"Arquiteto em S\u00e3o Jorge do Iva\u00ed","_yoast_wpseo_metadesc":"Procurando um arquiteto em S\u00e3o Jorge do Iva\u00ed? A WGB Arquitetura e Engenharia cria fachadas comerciais modernas e valoriza o seu ponto comercial.","_yoast_wpseo_title":"Arquiteto em S\u00e3o Jorge do Iva\u00ed: Fachadas Comerciais de Alto Impacto","_links":{"self":[{"href":"https:\/\/www.wgbengenharia.com\/en\/wp-json\/wp\/v2\/posts\/18480","targetHints":{"allow":["GET"]}}],"collection":[{"href":"https:\/\/www.wgbengenharia.com\/en\/wp-json\/wp\/v2\/posts"}],"about":[{"href":"https:\/\/www.wgbengenharia.com\/en\/wp-json\/wp\/v2\/types\/post"}],"author":[{"embeddable":true,"href":"https:\/\/www.wgbengenharia.com\/en\/wp-json\/wp\/v2\/users\/3"}],"replies":[{"embeddable":true,"href":"https:\/\/www.wgbengenharia.com\/en\/wp-json\/wp\/v2\/comments?post=18480"}],"version-history":[{"count":0,"href":"https:\/\/www.wgbengenharia.com\/en\/wp-json\/wp\/v2\/posts\/18480\/revisions"}],"wp:featuredmedia":[{"embeddable":true,"href":"https:\/\/www.wgbengenharia.com\/en\/wp-json\/wp\/v2\/media\/18479"}],"wp:attachment":[{"href":"https:\/\/www.wgbengenharia.com\/en\/wp-json\/wp\/v2\/media?parent=18480"}],"wp:term":[{"taxonomy":"category","embeddable":true,"href":"https:\/\/www.wgbengenharia.com\/en\/wp-json\/wp\/v2\/categories?post=18480"},{"taxonomy":"post_tag","embeddable":true,"href":"https:\/\/www.wgbengenharia.com\/en\/wp-json\/wp\/v2\/tags?post=18480"}],"curies":[{"name":"wp","href":"https:\/\/api.w.org\/{rel}","templated":true}]}}